{"id":3845,"date":"2025-02-18T12:17:27","date_gmt":"2025-02-18T12:17:27","guid":{"rendered":"https:\/\/www.sehnsucht-ruegen.com\/es-wird-getrommelt\/"},"modified":"2025-02-18T12:17:27","modified_gmt":"2025-02-18T12:17:27","slug":"es-wird-getrommelt","status":"publish","type":"post","link":"https:\/\/www.sehnsucht-ruegen.com\/en\/es-wird-getrommelt\/","title":{"rendered":"Es wird getrommelt!"},"content":{"rendered":"<p data-start=\"0\" data-end=\"382\">Der <strong data-start=\"4\" data-end=\"36\">Festspielfr\u00fchling R\u00fcgen 2025<\/strong> findet vom <strong data-start=\"48\" data-end=\"73\">21. bis 30. M\u00e4rz 2025<\/strong> statt und pr\u00e4sentiert insgesamt <strong data-start=\"106\" data-end=\"121\">22 Konzerte<\/strong> an verschiedenen Orten der Insel. Die k\u00fcnstlerische Leitung \u00fcbernimmt der renommierte Schlagwerker <strong data-start=\"221\" data-end=\"242\">Alexej Gerassimez<\/strong>, der ein vielf\u00e4ltiges Programm mit besonderem Fokus auf Rhythmus und Percussion zusammengestellt hat.<\/p>\r\n\r\n<div class=\"relative inline-flex items-center\"><a class=\"ml-1 inline-flex h-[22px] items-center rounded-xl bg-[#f4f4f4] px-2 text-[0.5em] font-medium text-token-text-secondary dark:bg-token-main-surface-secondary !text-token-text-secondary uppercase hover:bg-token-text-primary hover:!text-token-main-surface-secondary dark:hover:bg-token-text-primary group\" href=\"https:\/\/festspiele-mv.de\/festspiele-entdecken\/festspielsaisons\/festspielfruehling-ruegen\/?utm_source=chatgpt.com\" target=\"_blank\" rel=\"noopener\"><span class=\"truncate\">festspiele-mv.de<\/span><\/a><\/div>\r\n<p data-start=\"384\" data-end=\"893\">Neben Gerassimez treten weitere hochkar\u00e4tige K\u00fcnstler auf, darunter die Pianistinnen <strong data-start=\"469\" data-end=\"496\">Danae und Kiveli D\u00f6rken<\/strong>, das Streichquartett <strong data-start=\"518\" data-end=\"536\">Quatuor Herm\u00e8s<\/strong>, die <strong data-start=\"542\" data-end=\"557\">CelloFellos<\/strong> sowie der Jazzpianist <strong data-start=\"580\" data-end=\"594\">Omer Klein<\/strong> mit seinem Ensemble. Ein besonderes Highlight bildet die Orchestergala &#8220;Musikalisch um die Welt&#8221; mit der <strong data-start=\"700\" data-end=\"733\">Neubrandenburger Philharmonie<\/strong> in der Nordperdhalle G\u00f6hren, bei der auch Alexej Gerassimez und weitere Solisten des Festspielfr\u00fchlings mitwirken werden.<\/p>\r\n\r\n<div class=\"relative inline-flex items-center\"><a class=\"ml-1 inline-flex h-[22px] items-center rounded-xl bg-[#f4f4f4] px-2 text-[0.5em] font-medium text-token-text-secondary dark:bg-token-main-surface-secondary !text-token-text-secondary uppercase hover:bg-token-text-primary hover:!text-token-main-surface-secondary dark:hover:bg-token-text-primary group\" href=\"https:\/\/festspiele-mv.de\/festspiele-entdecken\/festspielsaisons\/festspielfruehling-ruegen\/?utm_source=chatgpt.com\" target=\"_blank\" rel=\"noopener\"><span class=\"truncate\">festspiele-mv.de<\/span><\/a><\/div>\r\n<p data-start=\"895\" data-end=\"1176\">Die Konzerte finden an verschiedenen, teils ungew\u00f6hnlichen Spielst\u00e4tten auf R\u00fcgen statt, darunter der Marstall Putbus, das Kurhaus Binz und die Seebr\u00fccke Sellin. Der Vorverkauf f\u00fcr den Festspielfr\u00fchling R\u00fcgen 2025 startet am <strong data-start=\"1120\" data-end=\"1137\">12. Juli 2024<\/strong>.<\/p>\r\n\r\n<div class=\"relative inline-flex items-center\"><a class=\"ml-1 inline-flex h-[22px] items-center rounded-xl bg-[#f4f4f4] px-2 text-[0.5em] font-medium text-token-text-secondary dark:bg-token-main-surface-secondary !text-token-text-secondary uppercase hover:bg-token-text-primary hover:!text-token-main-surface-secondary dark:hover:bg-token-text-primary group\" href=\"https:\/\/www.kultur-mv.de\/kunst-kultur\/musik\/programm-festspielfruehling-2025.html?utm_source=chatgpt.com\" target=\"_blank\" rel=\"noopener\"><span class=\"truncate\">kultur-mv.de<\/span><\/a><\/div>\r\n<p data-start=\"1178\" data-end=\"1332\">Weitere Informationen und Tickets sind auf der offiziellen Website der Festspiele Mecklenburg-Vorpommern erh\u00e4ltlich.<\/p>\r\n\r\n<div class=\"relative inline-flex items-center\"><\/div>","protected":false},"excerpt":{"rendered":"<p>Der Festspielfr\u00fchling R\u00fcgen 2025 findet vom 21. bis 30. M\u00e4rz 2025 statt und pr\u00e4sentiert insgesamt 22 Konzerte an verschiedenen Orten der Insel. Die k\u00fcnstlerische Leitung \u00fcbernimmt der renommierte Schlagwerker Alexej Gerassimez, der ein vielf\u00e4ltiges Programm mit besonderem Fokus auf Rhythmus [&hellip;]<\/p>\n","protected":false},"author":1,"featured_media":3811,"comment_status":"open","ping_status":"open","sticky":false,"template":"","format":"standard","meta":{"footnotes":""},"categories":[113],"tags":[],"class_list":["post-3845","post","type-post","status-publish","format-standard","has-post-thumbnail","hentry","category-kunst-und-kultur-en"],"_links":{"self":[{"href":"https:\/\/www.sehnsucht-ruegen.com\/en\/wp-json\/wp\/v2\/posts\/3845","targetHints":{"allow":["GET"]}}],"collection":[{"href":"https:\/\/www.sehnsucht-ruegen.com\/en\/wp-json\/wp\/v2\/posts"}],"about":[{"href":"https:\/\/www.sehnsucht-ruegen.com\/en\/wp-json\/wp\/v2\/types\/post"}],"author":[{"embeddable":true,"href":"https:\/\/www.sehnsucht-ruegen.com\/en\/wp-json\/wp\/v2\/users\/1"}],"replies":[{"embeddable":true,"href":"https:\/\/www.sehnsucht-ruegen.com\/en\/wp-json\/wp\/v2\/comments?post=3845"}],"version-history":[{"count":0,"href":"https:\/\/www.sehnsucht-ruegen.com\/en\/wp-json\/wp\/v2\/posts\/3845\/revisions"}],"wp:featuredmedia":[{"embeddable":true,"href":"https:\/\/www.sehnsucht-ruegen.com\/en\/wp-json\/wp\/v2\/media\/3811"}],"wp:attachment":[{"href":"https:\/\/www.sehnsucht-ruegen.com\/en\/wp-json\/wp\/v2\/media?parent=3845"}],"wp:term":[{"taxonomy":"category","embeddable":true,"href":"https:\/\/www.sehnsucht-ruegen.com\/en\/wp-json\/wp\/v2\/categories?post=3845"},{"taxonomy":"post_tag","embeddable":true,"href":"https:\/\/www.sehnsucht-ruegen.com\/en\/wp-json\/wp\/v2\/tags?post=3845"}],"curies":[{"name":"wp","href":"https:\/\/api.w.org\/{rel}","templated":true}]}}